{"id":52,"date":"2023-07-24T21:40:11","date_gmt":"2023-07-24T19:40:11","guid":{"rendered":"http:\/\/serwer154481.lh.pl\/autoinstalator\/serwer154481.lh.pl\/wordpress27986\/?p=52"},"modified":"2023-08-18T20:23:41","modified_gmt":"2023-08-18T18:23:41","slug":"fotografia-slubna-kwidzyn-piekne-wspomnienia-na-cale-zycie","status":"publish","type":"post","link":"https:\/\/paulinaczeszejko.pl\/index.php\/2023\/07\/24\/fotografia-slubna-kwidzyn-piekne-wspomnienia-na-cale-zycie\/","title":{"rendered":"Fotografia \u015blubna Kwidzyn: Pi\u0119kne wspomnienia na ca\u0142e \u017cycie"},"content":{"rendered":"\n<p class=\"wp-block-paragraph\"><\/p>\n\n\n\n<p class=\"wp-block-paragraph\">Fotografia \u015blubna jest nieod\u0142\u0105cznym elementem ka\u017cdego wesela. Para m\u0142oda pragnie uwieczni\u0107 ten wyj\u0105tkowy dzie\u0144 w pi\u0119knych, pe\u0142nych emocji i autentycznych zdj\u0119ciach. Dla mieszka\u0144c\u00f3w Kwidzyna i okolic, poszukiwania odpowiedniego fotografa mog\u0105 okaza\u0107 si\u0119 nie lada wyzwaniem. W tym artykule przyjrzymy si\u0119, dlaczego warto inwestowa\u0107 w profesjonaln\u0105 fotografi\u0119 \u015blubn\u0105 w Kwidzynie i jak znale\u017a\u0107 idealnego fotografa, kt\u00f3ry zrealizuje Wasze marzenia o wyj\u0105tkowych wspomnieniach.<\/p>\n\n\n\n<h2 class=\"wp-block-heading\">Dlaczego warto zainwestowa\u0107 w profesjonaln\u0105 fotografi\u0119 \u015blubn\u0105? <\/h2>\n\n\n\n<p class=\"wp-block-paragraph\">Tworzenie wspomnie\u0144 na ca\u0142e \u017cycie: \u015alub to jeden z najwa\u017cniejszych dni w \u017cyciu pary m\u0142odej. Zatrzymanie tych chwil na zdj\u0119ciach pozwala wr\u00f3ci\u0107 do nich w ka\u017cdej chwili, ciesz\u0105c si\u0119 pi\u0119knymi wspomnieniami.<\/p>\n\n\n\n<h2 class=\"wp-block-heading\">Profesjonalizm i umiej\u0119tno\u015bci: <\/h2>\n\n\n\n<p class=\"wp-block-paragraph\">Profesjonalny fotograf \u015blubny posiada nie tylko odpowiedni sprz\u0119t, ale r\u00f3wnie\u017c bogate do\u015bwiadczenie w uchwyceniu najwa\u017cniejszych moment\u00f3w. Dzi\u0119ki temu mo\u017cecie by\u0107 pewni, \u017ce zdj\u0119cia b\u0119d\u0105 pe\u0142ne emocji i autentyczno\u015bci.<\/p>\n\n\n\n<h2 class=\"wp-block-heading\">Kreatywno\u015b\u0107: <\/h2>\n\n\n\n<p class=\"wp-block-paragraph\">Fotograf \u015blubny potrafi wykorzysta\u0107 \u015bwiat\u0142o, kompozycj\u0119 i otoczenie, aby stworzy\u0107 wyj\u0105tkowe i artystyczne uj\u0119cia, kt\u00f3re zaskocz\u0105 Was swoj\u0105 oryginalno\u015bci\u0105.<\/p>\n\n\n\n<h2 class=\"wp-block-heading\">Znajomo\u015b\u0107 lokalnych atrakcji: <\/h2>\n\n\n\n<p class=\"wp-block-paragraph\">Wybieraj\u0105c fotografa ze znajomo\u015bci\u0105 Kwidzyna, mo\u017cecie by\u0107 pewni, \u017ce Wasze zdj\u0119cia b\u0119d\u0105 wkomponowane w malownicze kulisy miasta i okolic.<\/p>\n\n\n\n<h2 class=\"wp-block-heading\">Jak znale\u017a\u0107 idealnego fotografa \u015blubnego w Kwidzynie?<\/h2>\n\n\n\n<ol class=\"wp-block-list\">\n<li>Przegl\u0105daj portfolio: Przegl\u0105daj\u0105c portfolio r\u00f3\u017cnych fotograf\u00f3w, zobaczycie, jakie s\u0105 ich style i podej\u015bcie do fotografowania. Wybierzcie tego, kt\u00f3ry najlepiej oddaje Wasze oczekiwania.<\/li>\n\n\n\n<li>Opinie klient\u00f3w: Szukajcie opinii i referencji od wcze\u015bniejszych klient\u00f3w. Pozytywne recenzje \u015bwiadcz\u0105 o jako\u015bci us\u0142ug fotografa.<\/li>\n\n\n\n<li>Spotkanie przed sesj\u0105: Um\u00f3wcie si\u0119 na spotkanie z wybranym fotografem przed sesj\u0105 \u015blubn\u0105. To dobry moment, aby om\u00f3wi\u0107 szczeg\u00f3\u0142y, przedstawi\u0107 swoje pomys\u0142y i pozna\u0107 lepiej osob\u0119, kt\u00f3ra b\u0119dzie towarzyszy\u0107 Wam podczas tego wa\u017cnego dnia.<\/li>\n\n\n\n<li>Umowa i koszty: Upewnijcie si\u0119, \u017ce wszystkie warunki wsp\u00f3\u0142pracy zostan\u0105 spisane w umowie. Warto r\u00f3wnie\u017c om\u00f3wi\u0107 koszty sesji i ewentualne dodatkowe op\u0142aty.<\/li>\n<\/ol>\n\n\n\n<h2 class=\"wp-block-heading\">Podsumowanie: <\/h2>\n\n\n\n<p class=\"wp-block-paragraph\"><\/p>\n\n\n\n<p class=\"wp-block-paragraph\">Fotografia \u015blubna w Kwidzynie to nie tylko dokumentacja tego wyj\u0105tkowego dnia, ale tak\u017ce szansa na stworzenie pi\u0119knych wspomnie\u0144 na ca\u0142e \u017cycie. Wybieraj\u0105c profesjonalnego fotografa, mo\u017cecie by\u0107 pewni, \u017ce Wasze zdj\u0119cia b\u0119d\u0105 pe\u0142ne emocji, kreatywno\u015bci i oddadz\u0105 atmosfer\u0119 tego wyj\u0105tkowego momentu. Zainwestujcie w profesjonaln\u0105 fotografi\u0119 \u015blubn\u0105 i cieszcie si\u0119 pi\u0119knymi wspomnieniami przez lata.<\/p>\n\n\n\n<div style=\"height:100px\" aria-hidden=\"true\" class=\"wp-block-spacer\"><\/div>\n\n\n\n<div class=\"wp-block-columns alignwide are-vertically-aligned-top is-layout-flex wp-container-core-columns-is-layout-7013ed20 wp-block-columns-is-layout-flex\">\n<div class=\"wp-block-column is-vertically-aligned-top is-layout-flow wp-block-column-is-layout-flow\">\n<div class=\"wp-block-group wp-container-content-231d8afb is-vertical is-content-justification-left is-nowrap is-layout-flex wp-container-core-group-is-layout-bffe1d66 wp-block-group-is-layout-flex\" style=\"margin-top:0;margin-bottom:0\">\n<figure class=\"wp-block-image size-large wp-container-content-0733e5d0\"><img decoding=\"async\" src=\"https:\/\/paulinaczeszejko.pl\/wp-content\/uploads\/2023\/07\/Paulina-Czeszejko-fotograf-slubny-1-683x1024.jpg\" alt=\"\" class=\"wp-image-49\"\/><\/figure>\n\n\n\n<div class=\"wp-block-group is-vertical is-nowrap is-layout-flex wp-container-core-group-is-layout-c4a74fe4 wp-block-group-is-layout-flex\">\n<p class=\"has-medium-font-size wp-block-paragraph\"><\/p>\n\n\n\n<p class=\"has-small-font-size wp-block-paragraph\"><\/p>\n<\/div>\n<\/div>\n<\/div>\n\n\n\n<div class=\"wp-block-column is-vertically-aligned-top is-layout-flow wp-block-column-is-layout-flow\">\n<div class=\"wp-block-group wp-container-content-231d8afb is-vertical is-layout-flex wp-container-core-group-is-layout-50ced779 wp-block-group-is-layout-flex\" style=\"margin-top:0;margin-bottom:0\">\n<div class=\"wp-block-group is-vertical is-nowrap is-layout-flex wp-container-core-group-is-layout-c4a74fe4 wp-block-group-is-layout-flex\">\n<div style=\"height:0px\" aria-hidden=\"true\" class=\"wp-block-spacer wp-container-content-f96796aa\"><\/div>\n\n\n\n<p class=\"has-medium-font-size wp-block-paragraph\"><strong>Fotografia \u015blubna Kwidzyn<\/strong><\/p>\n\n\n\n<p class=\"has-small-font-size wp-block-paragraph\">Zachowaj ten dzie\u0144 nie tylko jako wspomnienie.<\/p>\n<\/div>\n\n\n\n<figure class=\"wp-block-image size-large\" style=\"font-size:14px\"><img decoding=\"async\" src=\"https:\/\/paulinaczeszejko.pl\/wp-content\/uploads\/2023\/07\/Paulina-Czeszejko-fotograf-slubny-1-3-683x1024.jpg\" alt=\"\" class=\"wp-image-229\"\/><\/figure>\n<\/div>\n<\/div>\n<\/div>\n","protected":false},"excerpt":{"rendered":"<p>Fotografia \u015blubna jest nieod\u0142\u0105cznym elementem ka\u017cdego wesela. Para m\u0142oda pragnie uwieczni\u0107 ten wyj\u0105tkowy dzie\u0144 w pi\u0119knych, pe\u0142nych emocji i autentycznych zdj\u0119ciach. Dla mieszka\u0144c\u00f3w Kwidzyna i okolic, poszukiwania odpowiedniego fotografa mog\u0105 okaza\u0107 si\u0119 nie lada wyzwaniem. W tym artykule przyjrzymy si\u0119, dlaczego warto inwestowa\u0107 w profesjonaln\u0105 fotografi\u0119 \u015blubn\u0105 w Kwidzynie i jak znale\u017a\u0107 idealnego fotografa, kt\u00f3ry [&hellip;]<\/p>\n","protected":false},"author":1,"featured_media":0,"comment_status":"open","ping_status":"open","sticky":false,"template":"","format":"standard","meta":{"footnotes":""},"categories":[4,5],"tags":[],"class_list":["post-52","post","type-post","status-publish","format-standard","hentry","category-portfolio","category-sesje-slubne"],"_links":{"self":[{"href":"https:\/\/paulinaczeszejko.pl\/index.php\/wp-json\/wp\/v2\/posts\/52","targetHints":{"allow":["GET"]}}],"collection":[{"href":"https:\/\/paulinaczeszejko.pl\/index.php\/wp-json\/wp\/v2\/posts"}],"about":[{"href":"https:\/\/paulinaczeszejko.pl\/index.php\/wp-json\/wp\/v2\/types\/post"}],"author":[{"embeddable":true,"href":"https:\/\/paulinaczeszejko.pl\/index.php\/wp-json\/wp\/v2\/users\/1"}],"replies":[{"embeddable":true,"href":"https:\/\/paulinaczeszejko.pl\/index.php\/wp-json\/wp\/v2\/comments?post=52"}],"version-history":[{"count":3,"href":"https:\/\/paulinaczeszejko.pl\/index.php\/wp-json\/wp\/v2\/posts\/52\/revisions"}],"predecessor-version":[{"id":544,"href":"https:\/\/paulinaczeszejko.pl\/index.php\/wp-json\/wp\/v2\/posts\/52\/revisions\/544"}],"wp:attachment":[{"href":"https:\/\/paulinaczeszejko.pl\/index.php\/wp-json\/wp\/v2\/media?parent=52"}],"wp:term":[{"taxonomy":"category","embeddable":true,"href":"https:\/\/paulinaczeszejko.pl\/index.php\/wp-json\/wp\/v2\/categories?post=52"},{"taxonomy":"post_tag","embeddable":true,"href":"https:\/\/paulinaczeszejko.pl\/index.php\/wp-json\/wp\/v2\/tags?post=52"}],"curies":[{"name":"wp","href":"https:\/\/api.w.org\/{rel}","templated":true}]}}